{"id":571,"date":"2013-06-24T18:06:56","date_gmt":"2013-06-24T17:06:56","guid":{"rendered":"http:\/\/www.adammarczak.com\/blog\/?p=571"},"modified":"2013-06-24T18:06:56","modified_gmt":"2013-06-24T17:06:56","slug":"canoe-marshall_na_kanu","status":"publish","type":"post","link":"https:\/\/www.adammarczak.com\/blog\/canoe-marshall_na_kanu\/","title":{"rendered":"Canoe Marshall!"},"content":{"rendered":"<p>P\u0142ywa\u0142em ju\u017c wszystkim&#8230; Od rowerka wodnego po \u0142\u00f3d\u017a motorow\u0105. A nie! Przepraszam, Batorym nie p\u0142ywa\u0142em!<\/p>\n<p style=\"text-align: center;\"><a href=\"http:\/\/www.adammarczak.com\/_static\/foto\/20130600\/20130622_canoe\/marshall_canoe_0001.jpg\"><img loading=\"lazy\" decoding=\"async\" class=\"aligncenter\" alt=\"\" src=\"http:\/\/www.adammarczak.com\/_static\/foto\/20130600\/20130622_canoe\/marshall_canoe_0001.jpg\" width=\"541\" height=\"362\" \/><\/a><!--more--><\/p>\n<p>Canoe, po polskiemu Kanu. Pozna\u0142em kilka os\u00f3b co tym p\u0142ywa. Wydawa\u0142o mi si\u0119 to bardzo klimatyczne, postanowi\u0142em wi\u0119c po\u015bmiga\u0107 tym india\u0144skim wynalazkiem. Jak postanowi\u0142em, to i zaraz znalaz\u0142em okazj\u0119.\u00a0\u00a0 :)<\/p>\n<p>Dla tych co chc\u0105 zg\u0142\u0119bi\u0107 temat:<\/p>\n<p style=\"padding-left: 90px;\"><a title=\"Canoe, kanu, kanadyjka na Wikipedii\" href=\"http:\/\/pl.wikipedia.org\/wiki\/Kanadyjka_%28%C5%82%C3%B3d%C5%BA%29\" target=\"_blank\">Kanadyjka na Wikipedii<\/a><br \/>\n<a title=\"Forum Wodne\" href=\"http:\/\/forumwodne.pl\" target=\"_blank\">Forum Wodne<\/a><br \/>\n<a title=\"Forum kanu\" href=\"http:\/\/forum.kanu.pl\" target=\"_blank\">Forum Kanu<\/a><br \/>\n<script type=\"text\/javascript\" src=\"http:\/\/multiprogram.pl\/js\/linkad.js\"><\/script><a class=\"txlink txpos_17275\" href=\"#\">Kanu na Allegro<\/a><\/p>\n<p>Dzi\u0119ki nowej znajomo\u015bci z Ew\u0105 i Tomkiem pomkn\u0105\u0142em do nich celem pomacania i poobcowania z tymi drewnianymi cudami!<\/p>\n<p>Kanu to pi\u0119kna rzecz, szczeg\u00f3lnie te w\u0142asnor\u0119cznie wykonane!<\/p>\n<p>Ale do rzeczy. Pojecha\u0142em przede wszystkim pop\u0142ywa\u0107. Pali\u0142o mi si\u0119, poniewa\u017c w lipcu mam zaplanowany sp\u0142yw Pis\u0105 i nie mia\u0142em poj\u0119cia co bra\u0107 &#8211; kajak, czy kanadyjk\u0119&#8230;<\/p>\n<p>Do Ewy i Tomka zawitali jeszcze Pawe\u0142 oraz Krzysiek (aka Blambek) z synem Kub\u0105. Wszyscy razem (oraz 3 szt. kanu) pojechali\u015bmy nad rzeczk\u0119 Raci\u0105\u017cnic\u0119. Kr\u00f3tkie pogaduchy i do wody!<\/p>\n<p>&nbsp;<\/p>\n<p style=\"text-align: center;\"><a href=\"http:\/\/www.adammarczak.com\/_static\/foto\/20130600\/20130622_canoe\/marshall_canoe_0002.jpg\"><img loading=\"lazy\" decoding=\"async\" class=\"aligncenter\" alt=\"\" src=\"http:\/\/www.adammarczak.com\/_static\/foto\/20130600\/20130622_canoe\/marshall_canoe_0002.jpg\" width=\"541\" height=\"362\" \/><\/a><\/p>\n<p>&nbsp;<\/p>\n<p style=\"text-align: center;\"><a href=\"http:\/\/www.adammarczak.com\/_static\/foto\/20130600\/20130622_canoe\/marshall_canoe_0003.jpg\"><img loading=\"lazy\" decoding=\"async\" class=\"aligncenter\" alt=\"\" src=\"http:\/\/www.adammarczak.com\/_static\/foto\/20130600\/20130622_canoe\/marshall_canoe_0003.jpg\" width=\"541\" height=\"362\" \/><\/a><\/p>\n<p>&nbsp;<\/p>\n<p>Tutaj pierwszy raz p\u0142ywa\u0142em kanu. Szczerze m\u00f3wi\u0105c dobrze si\u0119 sta\u0142o, \u017ce trafi\u0142em do nich, a nie wzi\u0105\u0142em sobie kanu z pierwszej z brzegu wypo\u017cyczalni, poniewa\u017c: Kanu to nie kajak. Kanu to nie pych\u00f3wka, nie rower wodny i nie motor\u00f3wka&#8230; Tym si\u0119 p\u0142ywa inaczej ni\u017c innymi popularnymi p\u0142ywad\u0142ami. Technika wios\u0142owania jest zupe\u0142nie inna i nieintuicyjna i je\u017celi kto\u015b wpadnie na pomys\u0142, \u017ceby sobie pop\u0142ywa\u0107 kanu bez przynajmniej poczytania czy obejrzenia jak to si\u0119 robi &#8211; pope\u0142ni mas\u0119 b\u0142\u0119d\u00f3w.<\/p>\n<p style=\"text-align: center;\"><a href=\"http:\/\/www.adammarczak.com\/_static\/foto\/20130600\/20130622_canoe\/marshall_canoe_0004.jpg\"><img loading=\"lazy\" decoding=\"async\" class=\"aligncenter\" alt=\"\" src=\"http:\/\/www.adammarczak.com\/_static\/foto\/20130600\/20130622_canoe\/marshall_canoe_0004.jpg\" width=\"541\" height=\"362\" \/><\/a><\/p>\n<p>Tak\u017ce mi uda\u0142o si\u0119. Ewa poopowiada\u0142a, Tomek wyja\u015bni\u0142, pokaza\u0142 jak i p\u00f3\u017aniej ca\u0142y czas pilnowa\u0142 \u017cebym nie robi\u0142 na kanu siary.\u00a0\u00a0 :)<\/p>\n<p>Jak to zwykle bywa w przypadku moich kontakt\u00f3w z pi\u0119knymi okoliczno\u015bciami przyrody &#8211; by\u0142o \u015bwietnie!<\/p>\n<p>Teraz komiks-przerywnik:<\/p>\n<p style=\"text-align: center;\"><a href=\"http:\/\/www.adammarczak.com\/_static\/foto\/20130600\/20130622_canoe\/marshall_canoe_0005.jpg\"><img loading=\"lazy\" decoding=\"async\" class=\"aligncenter\" alt=\"\" src=\"http:\/\/www.adammarczak.com\/_static\/foto\/20130600\/20130622_canoe\/marshall_canoe_0005.jpg\" width=\"541\" height=\"362\" \/><\/a><\/p>\n<p style=\"text-align: center;\"><a href=\"http:\/\/www.adammarczak.com\/_static\/foto\/20130600\/20130622_canoe\/marshall_canoe_0006.jpg\"><img loading=\"lazy\" decoding=\"async\" class=\"aligncenter\" alt=\"\" src=\"http:\/\/www.adammarczak.com\/_static\/foto\/20130600\/20130622_canoe\/marshall_canoe_0006.jpg\" width=\"541\" height=\"362\" \/><\/a><\/p>\n<p style=\"text-align: center;\"><a href=\"http:\/\/www.adammarczak.com\/_static\/foto\/20130600\/20130622_canoe\/marshall_canoe_0007.jpg\"><img loading=\"lazy\" decoding=\"async\" class=\"aligncenter\" alt=\"\" src=\"http:\/\/www.adammarczak.com\/_static\/foto\/20130600\/20130622_canoe\/marshall_canoe_0007.jpg\" width=\"541\" height=\"362\" \/><\/a><\/p>\n<p style=\"text-align: center;\"><a href=\"http:\/\/www.adammarczak.com\/_static\/foto\/20130600\/20130622_canoe\/marshall_canoe_0008.jpg\"><img loading=\"lazy\" decoding=\"async\" class=\"aligncenter\" alt=\"\" src=\"http:\/\/www.adammarczak.com\/_static\/foto\/20130600\/20130622_canoe\/marshall_canoe_0008.jpg\" width=\"541\" height=\"362\" \/><\/a><\/p>\n<p style=\"text-align: center;\"><a href=\"http:\/\/www.adammarczak.com\/_static\/foto\/20130600\/20130622_canoe\/marshall_canoe_0009.jpg\"><img loading=\"lazy\" decoding=\"async\" class=\"aligncenter\" alt=\"\" src=\"http:\/\/www.adammarczak.com\/_static\/foto\/20130600\/20130622_canoe\/marshall_canoe_0009.jpg\" width=\"541\" height=\"362\" \/><\/a><\/p>\n<p style=\"text-align: center;\"><a href=\"http:\/\/www.adammarczak.com\/_static\/foto\/20130600\/20130622_canoe\/marshall_canoe_0010.jpg\"><img loading=\"lazy\" decoding=\"async\" class=\"aligncenter\" alt=\"\" src=\"http:\/\/www.adammarczak.com\/_static\/foto\/20130600\/20130622_canoe\/marshall_canoe_0010.jpg\" width=\"541\" height=\"362\" \/><\/a><\/p>\n<p style=\"text-align: center;\"><a href=\"http:\/\/www.adammarczak.com\/_static\/foto\/20130600\/20130622_canoe\/marshall_canoe_0011.jpg\"><img loading=\"lazy\" decoding=\"async\" class=\"aligncenter\" alt=\"\" src=\"http:\/\/www.adammarczak.com\/_static\/foto\/20130600\/20130622_canoe\/marshall_canoe_0011.jpg\" width=\"541\" height=\"362\" \/><\/a><\/p>\n<p style=\"text-align: center;\"><a href=\"http:\/\/www.adammarczak.com\/_static\/foto\/20130600\/20130622_canoe\/marshall_canoe_0012.jpg\"><img loading=\"lazy\" decoding=\"async\" class=\"aligncenter\" alt=\"\" src=\"http:\/\/www.adammarczak.com\/_static\/foto\/20130600\/20130622_canoe\/marshall_canoe_0012.jpg\" width=\"541\" height=\"362\" \/><\/a><\/p>\n<p style=\"text-align: center;\"><a href=\"http:\/\/www.adammarczak.com\/_static\/foto\/20130600\/20130622_canoe\/marshall_canoe_0013.jpg\"><img loading=\"lazy\" decoding=\"async\" class=\"aligncenter\" alt=\"\" src=\"http:\/\/www.adammarczak.com\/_static\/foto\/20130600\/20130622_canoe\/marshall_canoe_0013.jpg\" width=\"541\" height=\"362\" \/><\/a><\/p>\n<p style=\"text-align: center;\"><a href=\"http:\/\/www.adammarczak.com\/_static\/foto\/20130600\/20130622_canoe\/marshall_canoe_0014.jpg\"><img loading=\"lazy\" decoding=\"async\" class=\"aligncenter\" alt=\"\" src=\"http:\/\/www.adammarczak.com\/_static\/foto\/20130600\/20130622_canoe\/marshall_canoe_0014.jpg\" width=\"541\" height=\"362\" \/><\/a><\/p>\n<p style=\"text-align: center;\"><a href=\"http:\/\/www.adammarczak.com\/_static\/foto\/20130600\/20130622_canoe\/marshall_canoe_0015.jpg\"><img loading=\"lazy\" decoding=\"async\" class=\"aligncenter\" alt=\"\" src=\"http:\/\/www.adammarczak.com\/_static\/foto\/20130600\/20130622_canoe\/marshall_canoe_0015.jpg\" width=\"541\" height=\"362\" \/><\/a><\/p>\n<p>Trasa by\u0142a kr\u00f3tka &#8211; nieca\u0142e 6 kilometr\u00f3w ale jak wida\u0107 nie by\u0142a \u0142atwa.\u00a0 :) \u00a0 Jak na pierwszy raz kanu &#8211; by\u0142o akurat!!<br \/>\nL\u0105dowali\u015bmy w centrum Raci\u0105\u017ca, po czym pojechali\u015bmy na obiad i pogaduchy do Ewy i Tomka&#8230;<\/p>\n<p>W tym momencie dzi\u0119kuj\u0119, <strong>bardzo dzi\u0119kuj\u0119: Ewie, Tomkowi, Krzy\u015bkowi i Paw\u0142owi<\/strong> za szkolenie, pomoc, po\u017cyczenie canoe oraz towarzystwo! Dzi\u0119ki!!<\/p>\n<p>By\u0142o \u015bwietnie i tak jak si\u0119 spodziewa\u0142em &#8211; zosta\u0142em kanuzara\u017cony! Jest moc, jest klimat i pot\u0119ga!!\u00a0 :)<\/p>\n<p style=\"text-align: center;\"><a href=\"http:\/\/www.adammarczak.com\/_static\/foto\/20130600\/20130622_canoe\/marshall_canoe_0016.jpg\"><img loading=\"lazy\" decoding=\"async\" class=\"aligncenter\" alt=\"\" src=\"http:\/\/www.adammarczak.com\/_static\/foto\/20130600\/20130622_canoe\/marshall_canoe_0016.jpg\" width=\"541\" height=\"362\" \/><\/a><\/p>\n<p style=\"text-align: center;\"><a href=\"http:\/\/www.adammarczak.com\/_static\/foto\/20130600\/20130622_canoe\/marshall_canoe_0017.jpg\"><img loading=\"lazy\" decoding=\"async\" class=\"aligncenter\" alt=\"\" src=\"http:\/\/www.adammarczak.com\/_static\/foto\/20130600\/20130622_canoe\/marshall_canoe_0017.jpg\" width=\"541\" height=\"362\" \/><\/a><\/p>\n<p>Trasa:<\/p>\n<p>[map style=&#8221;width: auto; height:500px; margin:10px 0px 10px 10px; border: 1px solid black;&#8221; maptype=&#8221;HYBRID&#8221; kml=&#8221;http:\/\/www.adammarczak.com\/_static\/foto\/20130600\/20130622_canoe\/20130622_raciaznica_canoe.kml&#8221; elevation=&#8221;no&#8221; download=&#8221;no&#8221;]<\/p>\n<p>&nbsp;<\/p>\n","protected":false},"excerpt":{"rendered":"<p>P\u0142ywa\u0142em ju\u017c wszystkim&#8230; Od rowerka wodnego po \u0142\u00f3d\u017a motorow\u0105. A nie! Przepraszam, Batorym nie p\u0142ywa\u0142em!<\/p>\n","protected":false},"author":1,"featured_media":0,"comment_status":"open","ping_status":"open","sticky":false,"template":"","format":"standard","meta":{"footnotes":""},"categories":[11,52,51,50,2,5],"tags":[],"class_list":["post-571","post","type-post","status-publish","format-standard","hentry","category-bushcraft","category-canoe","category-kanadyjka","category-kanu","category-ogolne","category-survival"],"_links":{"self":[{"href":"https:\/\/www.adammarczak.com\/blog\/wp-json\/wp\/v2\/posts\/571","targetHints":{"allow":["GET"]}}],"collection":[{"href":"https:\/\/www.adammarczak.com\/blog\/wp-json\/wp\/v2\/posts"}],"about":[{"href":"https:\/\/www.adammarczak.com\/blog\/wp-json\/wp\/v2\/types\/post"}],"author":[{"embeddable":true,"href":"https:\/\/www.adammarczak.com\/blog\/wp-json\/wp\/v2\/users\/1"}],"replies":[{"embeddable":true,"href":"https:\/\/www.adammarczak.com\/blog\/wp-json\/wp\/v2\/comments?post=571"}],"version-history":[{"count":15,"href":"https:\/\/www.adammarczak.com\/blog\/wp-json\/wp\/v2\/posts\/571\/revisions"}],"predecessor-version":[{"id":587,"href":"https:\/\/www.adammarczak.com\/blog\/wp-json\/wp\/v2\/posts\/571\/revisions\/587"}],"wp:attachment":[{"href":"https:\/\/www.adammarczak.com\/blog\/wp-json\/wp\/v2\/media?parent=571"}],"wp:term":[{"taxonomy":"category","embeddable":true,"href":"https:\/\/www.adammarczak.com\/blog\/wp-json\/wp\/v2\/categories?post=571"},{"taxonomy":"post_tag","embeddable":true,"href":"https:\/\/www.adammarczak.com\/blog\/wp-json\/wp\/v2\/tags?post=571"}],"curies":[{"name":"wp","href":"https:\/\/api.w.org\/{rel}","templated":true}]}}