{"id":702,"date":"2013-11-13T16:26:22","date_gmt":"2013-11-13T15:26:22","guid":{"rendered":"http:\/\/www.adammarczak.com\/blog\/?p=702"},"modified":"2014-11-10T02:32:23","modified_gmt":"2014-11-10T01:32:23","slug":"wisla_warszawa_canoe_kanu","status":"publish","type":"post","link":"https:\/\/www.adammarczak.com\/blog\/wisla_warszawa_canoe_kanu\/","title":{"rendered":"Wis\u0142a, Warszawa, Canoe. Czyli Kanuj\u0105 przez Waw\u0119."},"content":{"rendered":"<div style=\"width: 548px\" class=\"wp-caption aligncenter\"><a href=\"http:\/\/adammarczak.com\/_static\/foto\/20131100\/splyw_kanu_fot_olga_0001.jpg\"><img loading=\"lazy\" decoding=\"async\" src=\"http:\/\/adammarczak.com\/_static\/foto\/20131100\/splyw_kanu_fot_olga_0001.jpg\" alt=\"\" width=\"538\" height=\"403\" \/><\/a><p class=\"wp-caption-text\">fot. Olga<\/p><\/div>\n<p style=\"text-align: left;\">Pop\u0142ywa\u0142em. W ko\u0144cu!\u00a0\u00a0 :)<br \/>\nCanoe ci u mnie na stanie, a pohula\u0107 po wodzie nie ma kiedy. Tak\u017ce kiedy tylko nadarzy\u0142a si\u0119 okazja w postaci czasu wolnego oraz ch\u0119ci kilku innych os\u00f3b &#8211; wybra\u0142em si\u0119 na wod\u0119.<\/p>\n<p>Tym razem pad\u0142o na Kr\u00f3low\u0105 &#8211; wraz z grupk\u0105 znajomych postanowilismy sp\u0142yn\u0105\u0107 warszawskim kawa\u0142kiem Wis\u0142y. Startowali\u015bmy w niedziel\u0119, 10 listopada oko\u0142o godziny 10-tej z Portu Czerniakowskiego &#8211; stanicy Warszawskiego Towarzystwa Wio\u015blarskiego. Ciep\u0142o by\u0142o, przyjemnie, fajnie.<\/p>\n<p style=\"text-align: center;\">&#8211;<script src=\"\/\/pagead2.googlesyndication.com\/pagead\/js\/adsbygoogle.js\" async=\"\"><\/script><!-- BCPL_tresc --> <ins class=\"adsbygoogle\" style=\"display: inline-block; width: 336px; height: 280px;\" data-ad-client=\"ca-pub-5929750492909131\" data-ad-slot=\"9085936409\"><\/ins><script>\/\/ <![CDATA[\n(adsbygoogle = window.adsbygoogle || []).push({});\n\/\/ ]]><\/script>&#8211;<\/p>\n<p><!--more--><\/p>\n<p>Na miejscu zebra\u0142o si\u0119 kilka os\u00f3b p\u0142ci obojga w wieku r\u00f3\u017cnym. P\u0142ywade\u0142 by\u0142o 8. 5 szt. kanu i 3 kajaki.<\/p>\n<p style=\"text-align: center;\"><a href=\"http:\/\/adammarczak.com\/_static\/foto\/20131100\/splyw_kanu_0001.jpg\"><img decoding=\"async\" class=\"aligncenter\" src=\"http:\/\/adammarczak.com\/_static\/foto\/20131100\/splyw_kanu_0001.jpg\" alt=\"\" width=\"541\" \/><\/a><\/p>\n<p>W ko\u0144cu dane mi by\u0142o zobaczy\u0107 moj\u0105 kanujk\u0119 po remoncie. Nowe ciemne, olejowane\u00a0 drewienka oraz wyplecione na nowo \u0142aweczki podobaj\u0105 mi si\u0119. Lubi\u0119 t\u0119 moj\u0105 \u0142\u00f3dk\u0119 jeszcze bardziej.\u00a0 :)<br \/>\n<a href=\"http:\/\/adammarczak.com\/_static\/foto\/20131100\/splyw_kanu_0002.jpg\"><img decoding=\"async\" class=\"aligncenter\" src=\"http:\/\/adammarczak.com\/_static\/foto\/20131100\/splyw_kanu_0002.jpg\" alt=\"\" width=\"541\" \/><\/a><\/p>\n<p style=\"text-align: center;\"><a href=\"http:\/\/adammarczak.com\/_static\/foto\/20131100\/splyw_kanu_0003.jpg\"><img decoding=\"async\" class=\"aligncenter\" src=\"http:\/\/adammarczak.com\/_static\/foto\/20131100\/splyw_kanu_0003.jpg\" alt=\"\" width=\"541\" \/><\/a><\/p>\n<p style=\"text-align: center;\"><a href=\"http:\/\/adammarczak.com\/_static\/foto\/20131100\/splyw_kanu_0004.jpg\"><img decoding=\"async\" class=\"aligncenter\" src=\"http:\/\/adammarczak.com\/_static\/foto\/20131100\/splyw_kanu_0004.jpg\" alt=\"\" width=\"541\" \/><\/a><\/p>\n<p>Po kr\u00f3tkich pogaduchach na brzegu pospiesznie spakowali\u015bmy klamoty do p\u0142ywade\u0142 i ruszyli\u015bmy w drog\u0119, kt\u00f3rej mia\u0142o by\u0107 oko\u0142o 19 kilometr\u00f3w.<\/p>\n<p style=\"text-align: center;\"><a href=\"http:\/\/adammarczak.com\/_static\/foto\/20131100\/splyw_kanu_0005.jpg\"><img decoding=\"async\" class=\"aligncenter\" src=\"http:\/\/adammarczak.com\/_static\/foto\/20131100\/splyw_kanu_0005.jpg\" alt=\"\" width=\"541\" \/><\/a><\/p>\n<p>Zaraz po wyj\u015bciu z portu na g\u0142\u0119bokie, przepastne wi\u015blane wody oczom naszym ukaza\u0142 si\u0119 <del>las. <\/del>Stadion Narodowy.<\/p>\n<p style=\"text-align: center;\"><a href=\"http:\/\/adammarczak.com\/_static\/foto\/20131100\/splyw_kanu_0006.jpg\"><img decoding=\"async\" class=\"aligncenter\" src=\"http:\/\/adammarczak.com\/_static\/foto\/20131100\/splyw_kanu_0006.jpg\" alt=\"\" width=\"541\" \/><\/a><\/p>\n<p style=\"text-align: center;\">&#8211;<script src=\"\/\/pagead2.googlesyndication.com\/pagead\/js\/adsbygoogle.js\" async=\"\"><\/script><!-- BCPL_tresc --> <ins class=\"adsbygoogle\" style=\"display: inline-block; width: 336px; height: 280px;\" data-ad-client=\"ca-pub-5929750492909131\" data-ad-slot=\"9085936409\"><\/ins><script>\/\/ <![CDATA[\n(adsbygoogle = window.adsbygoogle || []).push({});\n\/\/ ]]><\/script>&#8211;<\/p>\n<p>Jak na listopad to p\u0142yn\u0119\u0142o mi si\u0119 bardzo fajnie. By\u0142o ciep\u0142o, nie dmucha\u0142o. Taki wodny haj lajf!<\/p>\n<p><a href=\"http:\/\/adammarczak.com\/_static\/foto\/20131100\/splyw_kanu_0007.jpg\"><img decoding=\"async\" class=\"aligncenter\" src=\"http:\/\/adammarczak.com\/_static\/foto\/20131100\/splyw_kanu_0007.jpg\" alt=\"\" width=\"541\" \/><\/a><br \/>\nRaz po raz wyci\u0105ga\u0142em z worka aparat coby trzasn\u0105\u0107 fotk\u0119.<\/p>\n<p style=\"text-align: center;\"><a href=\"http:\/\/adammarczak.com\/_static\/foto\/20131100\/splyw_kanu_0008.jpg\"><img decoding=\"async\" class=\"aligncenter\" src=\"http:\/\/adammarczak.com\/_static\/foto\/20131100\/splyw_kanu_0008.jpg\" alt=\"\" width=\"541\" \/><\/a><\/p>\n<p>W pewnym momencie w oddali spostrzeg\u0142em patrol. Odruchowo ju\u017c <del>zdj\u0105\u0142em nog\u0119 z gazu<\/del> przyhamowa\u0142em pagajem i zwolni\u0142em. Policjant nie zd\u0105\u017cy\u0142 nawet wyj\u0105\u0107 suszarki.\u00a0 :)<\/p>\n<p>A tak na powa\u017cnie to wyszed\u0142 na pok\u0142ad, zagada\u0142 do nas, zapyta\u0142 sk\u0105d i dok\u0105d si\u0119 udajemy \u017ceby wpisa\u0107 w notesik, pozdrowi\u0142 nas i oddali\u0142 si\u0119 z wolna nie wzburzaj\u0105c zbytnio wody. W tym miejscu serdeczne pozdrowienia dla pana policjanta wodniaka!!<\/p>\n<p style=\"text-align: center;\"><a href=\"http:\/\/adammarczak.com\/_static\/foto\/20131100\/splyw_kanu_0009.jpg\"><img decoding=\"async\" class=\"aligncenter\" src=\"http:\/\/adammarczak.com\/_static\/foto\/20131100\/splyw_kanu_0009.jpg\" alt=\"\" width=\"541\" \/><\/a><\/p>\n<p style=\"text-align: center;\"><a href=\"http:\/\/adammarczak.com\/_static\/foto\/20131100\/splyw_kanu_0010.jpg\"><img decoding=\"async\" class=\"aligncenter\" src=\"http:\/\/adammarczak.com\/_static\/foto\/20131100\/splyw_kanu_0010.jpg\" alt=\"\" width=\"541\" \/><\/a><\/p>\n<p>Jako \u017ce w \u017cyciu nie p\u0142yn\u0105\u0142em Wis\u0142\u0105 przez Warszaw\u0119 &#8211; jedynie ogl\u0105da\u0142em j\u0105 ze wszystkich most\u00f3w &#8211; z ciekawo\u015bci\u0105 lampi\u0142em si\u0119 na oba brzegi, star\u00f3wk\u0119, w\u0119dkarzy, to\u0144 wody.<\/p>\n<p style=\"text-align: center;\"><a href=\"http:\/\/adammarczak.com\/_static\/foto\/20131100\/splyw_kanu_0011.jpg\"><img decoding=\"async\" class=\"aligncenter\" src=\"http:\/\/adammarczak.com\/_static\/foto\/20131100\/splyw_kanu_0011.jpg\" alt=\"\" width=\"541\" \/><\/a><\/p>\n<p style=\"text-align: center;\"><a href=\"http:\/\/adammarczak.com\/_static\/foto\/20131100\/splyw_kanu_0012.jpg\"><img decoding=\"async\" class=\"aligncenter\" src=\"http:\/\/adammarczak.com\/_static\/foto\/20131100\/splyw_kanu_0012.jpg\" alt=\"\" width=\"541\" \/><\/a><\/p>\n<p style=\"text-align: center;\"><a href=\"http:\/\/adammarczak.com\/_static\/foto\/20131100\/splyw_kanu_0013.jpg\"><img decoding=\"async\" class=\"aligncenter\" src=\"http:\/\/adammarczak.com\/_static\/foto\/20131100\/splyw_kanu_0013.jpg\" alt=\"\" width=\"541\" \/><\/a><\/p>\n<p style=\"text-align: center;\">&#8211;<script src=\"\/\/pagead2.googlesyndication.com\/pagead\/js\/adsbygoogle.js\" async=\"\"><\/script><!-- BCPL_tresc --> <ins class=\"adsbygoogle\" style=\"display: inline-block; width: 336px; height: 280px;\" data-ad-client=\"ca-pub-5929750492909131\" data-ad-slot=\"9085936409\"><\/ins><script>\/\/ <![CDATA[\n(adsbygoogle = window.adsbygoogle || []).push({});\n\/\/ ]]><\/script>&#8211;<\/p>\n<p>Obowi\u0105zkowo wr\u0119cz trzasn\u0105\u0142em kilka s\u0142itfoci wsp\u00f3\u0142sp\u0142ywowiczom.<\/p>\n<p style=\"text-align: center;\"><a href=\"http:\/\/adammarczak.com\/_static\/foto\/20131100\/splyw_kanu_0014.jpg\"><img decoding=\"async\" class=\"aligncenter\" src=\"http:\/\/adammarczak.com\/_static\/foto\/20131100\/splyw_kanu_0014.jpg\" alt=\"\" width=\"541\" \/><\/a><\/p>\n<p>Mniej wi\u0119cej w po\u0142owie drogi zrobili\u015bmy sobie post\u00f3j na pi\u0119knej, wielkiej wyspie-pla\u017cy. By\u0142y pogaduchy, \u015bmiech oraz kawa!<\/p>\n<p><a href=\"http:\/\/adammarczak.com\/_static\/foto\/20131100\/splyw_kanu_0015.jpg\"><img decoding=\"async\" class=\"aligncenter\" src=\"http:\/\/adammarczak.com\/_static\/foto\/20131100\/splyw_kanu_0015.jpg\" alt=\"\" width=\"541\" \/><\/a><\/p>\n<p style=\"text-align: center;\"><a href=\"http:\/\/adammarczak.com\/_static\/foto\/20131100\/splyw_kanu_0016.jpg\"><img decoding=\"async\" class=\"aligncenter\" src=\"http:\/\/adammarczak.com\/_static\/foto\/20131100\/splyw_kanu_0016.jpg\" alt=\"\" width=\"541\" \/><\/a><\/p>\n<p>Po wystartowaniu z tego miejsca ca\u0142a grupa coraz bardziej si\u0119 ode mnie oddala\u0142a. Najwidoczniej nie da si\u0119 mnie lubi\u0107.\u00a0 :)<\/p>\n<p>Pagajowa\u0142em sam, wi\u0119c moje tempo by\u0142o zdecydowanie wolniejsze ni\u017c pozosta\u0142ych kano-dw\u00f3jek, czy kajak\u00f3w.<\/p>\n<p>P\u0142yn\u0105\u0142em wi\u0119c coraz bardziej sam delektuj\u0105c si\u0119 ustaj\u0105cym z ka\u017cdym kilometrem zgie\u0142kiem stolicy. Niedaleko za ostatnim mostem (p\u00f3\u0142nocny chyba) zrobi\u0142o si\u0119 ca\u0142kiem cicho. Jak w kosmosie! \u00a0 :)<\/p>\n<p>Koniec trasy zaplanowali\u015bmy w \u0141omiankach. Zamroczony pi\u0119knymi okoliczno\u015bciami przyrody i niepowtarzalnej wzi\u0105\u0142em ostatni\u0105 na trasie wysp\u0119 z prawej strony, co poskutkowa\u0142o tym, \u017ce nadrobi\u0142em oko\u0142o p\u00f3\u0142tora kilometra drogi z czego po\u0142owa pod pr\u0105d!!\u00a0 :) \u00a0 Przekona\u0142em si\u0119, \u017ce Wis\u0142a ma szybki nurt &#8211; a w tamtym miejscu na pewno. I trzeba\u00a0 naprawd\u0119 ch\u0142opa nie pajaca, \u017ceby jednym pagajem da\u0107 rad\u0119 smarowa\u0107 pod pr\u0105d.\u00a0\u00a0 :)\u00a0\u00a0\u00a0 Oczywi\u015bcie mimo \u017ce cz\u0119sto pajacuj\u0119 to ch\u0142op ze mnie jak ta lala i z b\u00f3lem ale da\u0142em rad\u0119!<\/p>\n<p style=\"text-align: center;\">&#8211;<script src=\"\/\/pagead2.googlesyndication.com\/pagead\/js\/adsbygoogle.js\" async=\"\"><\/script><!-- BCPL_tresc --> <ins class=\"adsbygoogle\" style=\"display: inline-block; width: 336px; height: 280px;\" data-ad-client=\"ca-pub-5929750492909131\" data-ad-slot=\"9085936409\"><\/ins><script>\/\/ <![CDATA[\n(adsbygoogle = window.adsbygoogle || []).push({});\n\/\/ ]]><\/script>&#8211;<\/p>\n<p>Na mecie okaza\u0142o si\u0119, \u017ce ruszy\u0142a ju\u017c po mnie ekipa ratunkowa w postaci Jurka, kt\u00f3ry najwidoczniej bywa czasami tak samo rozgarni\u0119ty jak ja czy inna kupa li\u015bci dzieki czemu nie zabra\u0142 ze sob\u0105 telefonu &#8211; urz\u0105dzenia, kt\u00f3re naprawd\u0119 u\u0142atwia kontakt werbalny na wi\u0119ksze odleg\u0142o\u015bci. Pop\u0142ywa\u0142 sobie ch\u0142op troch\u0119 w t\u0119 i z powrotem&#8230;\u00a0 :)<\/p>\n<p>\u017beby by\u0142o ca\u0142kiem mi\u0142o rozpalilismy ogie\u0144, zagrzalismy \u017carcie i nape\u0142nilismy brzuszki. Co bardziej szcz\u0119\u015bliwi (czyli pasa\u017cerowie dyli\u017cans\u00f3w) popr\u00f3bowali \u0142akoci w postaci r\u00f3\u017cnej ma\u015bci alkoholi. Na ca\u0142e szcz\u0119\u015bcie jedna z kole\u017canek wpad\u0142a na \u015bwietny pomys\u0142 dostarczaj\u0105c na imprez\u0119 p\u0105czki &#8211; czyli ja by\u0142em r\u00f3wnie\u017c maksymalnie szcz\u0119\u015bliwy.<\/p>\n<p style=\"text-align: center;\"><a href=\"http:\/\/adammarczak.com\/_static\/foto\/20131100\/splyw_kanu_0017.jpg\"><img decoding=\"async\" class=\"aligncenter\" src=\"http:\/\/adammarczak.com\/_static\/foto\/20131100\/splyw_kanu_0017.jpg\" alt=\"\" width=\"541\" \/><\/a><\/p>\n<p style=\"text-align: center;\"><a href=\"http:\/\/adammarczak.com\/_static\/foto\/20131100\/splyw_kanu_0018.jpg\"><img decoding=\"async\" class=\"aligncenter\" src=\"http:\/\/adammarczak.com\/_static\/foto\/20131100\/splyw_kanu_0018.jpg\" alt=\"\" width=\"541\" \/><\/a><\/p>\n<p>\u00a0Na koniec tracycyjna rycina zbiorowa ukazuj\u0105ca piekne stado osobnik\u00f3w z wod\u0105 w \u017cy\u0142ach.<\/p>\n<p style=\"text-align: center;\"><a href=\"http:\/\/adammarczak.com\/_static\/foto\/20131100\/splyw_kanu_0019.jpg\"><img decoding=\"async\" class=\"aligncenter\" src=\"http:\/\/adammarczak.com\/_static\/foto\/20131100\/splyw_kanu_0019.jpg\" alt=\"\" width=\"541\" \/><\/a><\/p>\n<p>Poni\u017cej mo\u017cesz patrze\u0107 i zazdro\u015bci\u0107, warto r\u00f3wnie\u017c zwr\u00f3ci\u0107 na m\u00f3j idiotyzm wysysowany kreseczk\u0105 na ko\u0144cowym odcinku sp\u0142ywu.\u00a0\u00a0 :)\u00a0 Trasy wysz\u0142o mi oko\u0142o 21 500 metr\u00f3w.<\/p>\n<p>[map style=&#8221;width: auto; height:500px; margin:20px 0px 20px 0px; border: 1px solid black;&#8221; kml=&#8221;http:\/\/adammarczak.com\/_static\/foto\/20131100\/splyw_kanu.kml&#8221;]<\/p>\n<p>&nbsp;<\/p>\n<p>A jako bonus i to zupe\u0142nie za darmo i bez pieni\u0119dzy zamieszczam poni\u017cej kilka zdj\u0119\u0107, kt\u00f3re wysz\u0142y z r\u0105k Olgi i Kasi.<\/p>\n<p style=\"text-align: center;\">&#8211;<script src=\"\/\/pagead2.googlesyndication.com\/pagead\/js\/adsbygoogle.js\" async=\"\"><\/script><!-- BCPL_tresc --> <ins class=\"adsbygoogle\" style=\"display: inline-block; width: 336px; height: 280px;\" data-ad-client=\"ca-pub-5929750492909131\" data-ad-slot=\"9085936409\"><\/ins><script>\/\/ <![CDATA[\n(adsbygoogle = window.adsbygoogle || []).push({});\n\/\/ ]]><\/script>&#8211;<\/p>\n<p>Zdj\u0119cia Olgi, za kt\u00f3re bardzo dzi\u0119kuj\u0119!<\/p>\n<p style=\"text-align: center;\"><a href=\"http:\/\/adammarczak.com\/_static\/foto\/20131100\/splyw_kanu_fot_olga_0001.jpg\"><img loading=\"lazy\" decoding=\"async\" class=\"aligncenter\" src=\"http:\/\/adammarczak.com\/_static\/foto\/20131100\/splyw_kanu_fot_olga_0001.jpg\" alt=\"\" width=\"538\" height=\"403\" \/><\/a><\/p>\n<p>&nbsp;<\/p>\n<p style=\"text-align: center;\"><a href=\"http:\/\/adammarczak.com\/_static\/foto\/20131100\/splyw_kanu_fot_olga_0002.jpg\"><img loading=\"lazy\" decoding=\"async\" class=\"aligncenter\" src=\"http:\/\/adammarczak.com\/_static\/foto\/20131100\/splyw_kanu_fot_olga_0002.jpg\" alt=\"\" width=\"538\" height=\"403\" \/><\/a><\/p>\n<p>&nbsp;<\/p>\n<p style=\"text-align: center;\"><a href=\"http:\/\/adammarczak.com\/_static\/foto\/20131100\/splyw_kanu_fot_olga_0003.jpg\"><img loading=\"lazy\" decoding=\"async\" class=\"aligncenter\" src=\"http:\/\/adammarczak.com\/_static\/foto\/20131100\/splyw_kanu_fot_olga_0003.jpg\" alt=\"\" width=\"538\" height=\"403\" \/><\/a><\/p>\n<p>&nbsp;<\/p>\n<p style=\"text-align: center;\"><a href=\"http:\/\/adammarczak.com\/_static\/foto\/20131100\/splyw_kanu_fot_olga_0004.jpg\"><img loading=\"lazy\" decoding=\"async\" class=\"aligncenter\" src=\"http:\/\/adammarczak.com\/_static\/foto\/20131100\/splyw_kanu_fot_olga_0004.jpg\" alt=\"\" width=\"538\" height=\"403\" \/><\/a><\/p>\n<p>&nbsp;<\/p>\n<p style=\"text-align: center;\"><a href=\"http:\/\/adammarczak.com\/_static\/foto\/20131100\/splyw_kanu_fot_olga_0005.jpg\"><img loading=\"lazy\" decoding=\"async\" class=\"aligncenter\" src=\"http:\/\/adammarczak.com\/_static\/foto\/20131100\/splyw_kanu_fot_olga_0005.jpg\" alt=\"\" width=\"538\" height=\"403\" \/><\/a><\/p>\n<p>&nbsp;<\/p>\n<p>Zdj\u0119cia Kasi, za kt\u00f3re bardzo dzi\u0119kuj\u0119!<\/p>\n<p style=\"text-align: center;\"><a href=\"http:\/\/adammarczak.com\/_static\/foto\/20131100\/splyw_kanu_fot_kasia_0001.jpg\"><img loading=\"lazy\" decoding=\"async\" class=\"aligncenter\" src=\"http:\/\/adammarczak.com\/_static\/foto\/20131100\/splyw_kanu_fot_kasia_0001.jpg\" alt=\"\" width=\"540\" height=\"360\" \/><\/a><\/p>\n<p style=\"text-align: center;\"><a href=\"http:\/\/adammarczak.com\/_static\/foto\/20131100\/splyw_kanu_fot_kasia_0002.jpg\"><img loading=\"lazy\" decoding=\"async\" class=\"aligncenter\" src=\"http:\/\/adammarczak.com\/_static\/foto\/20131100\/splyw_kanu_fot_kasia_0002.jpg\" alt=\"\" width=\"540\" height=\"360\" \/><\/a><\/p>\n<p style=\"text-align: center;\"><a href=\"http:\/\/adammarczak.com\/_static\/foto\/20131100\/splyw_kanu_fot_kasia_0003.jpg\"><img loading=\"lazy\" decoding=\"async\" class=\"aligncenter\" src=\"http:\/\/adammarczak.com\/_static\/foto\/20131100\/splyw_kanu_fot_kasia_0003.jpg\" alt=\"\" width=\"540\" height=\"360\" \/><\/a><\/p>\n<p style=\"text-align: center;\"><a href=\"http:\/\/adammarczak.com\/_static\/foto\/20131100\/splyw_kanu_fot_kasia_0004.jpg\"><img loading=\"lazy\" decoding=\"async\" class=\"aligncenter\" src=\"http:\/\/adammarczak.com\/_static\/foto\/20131100\/splyw_kanu_fot_kasia_0004.jpg\" alt=\"\" width=\"540\" height=\"360\" \/><\/a><\/p>\n<p style=\"text-align: center;\"><a href=\"http:\/\/adammarczak.com\/_static\/foto\/20131100\/splyw_kanu_fot_kasia_0005.jpg\"><img loading=\"lazy\" decoding=\"async\" class=\"aligncenter\" src=\"http:\/\/adammarczak.com\/_static\/foto\/20131100\/splyw_kanu_fot_kasia_0005.jpg\" alt=\"\" width=\"540\" height=\"360\" \/><\/a><\/p>\n<p style=\"text-align: left;\">PS.<br \/>\nJako \u017ce sp\u0142yw odby\u0142 si\u0119 10 listopada, pokrywa\u0142 si\u0119 niemal ze \u015bwi\u0105tecznym jedenastym, postanowilismy wi\u0119c, \u017ce sp\u0142yw b\u0119dzie &#8222;Niepodleg\u0142o\u015bciowy&#8221;. Czyli \u015bwi\u0119towali\u015bmy odzyskanie przez Polsk\u0119 Niepodleg\u0142o\u015bci. St\u0105d flagi i bandery na naszych p\u0142ywad\u0142ach, czy w r\u0119kach.<br \/>\nFlagi na tym sp\u0142ywie &#8211; przynajmniej jesli chodzi o moj\u0105 osob\u0119 &#8211; znaczy\u0142y tyle, \u017ce identyfikuj\u0119 si\u0119 z Polsk\u0105, polskim narodem, jego tradycjami, \u015bwi\u0119tami, etc.<br \/>\nMam nadziej\u0119, \u017ce z ich powodu (flag tych) nikt nie b\u0119dzie si\u0119 stara\u0142 dorabia\u0107 do tego sp\u0142ywu jakichkolwiek m\u0105drych, czy pierdolni\u0119tych teorii.<\/p>\n<p style=\"text-align: center;\">&#8211;<script src=\"\/\/pagead2.googlesyndication.com\/pagead\/js\/adsbygoogle.js\" async=\"\"><\/script><!-- BCPL_tresc --> <ins class=\"adsbygoogle\" style=\"display: inline-block; width: 336px; height: 280px;\" data-ad-client=\"ca-pub-5929750492909131\" data-ad-slot=\"9085936409\"><\/ins><script>\/\/ <![CDATA[\n(adsbygoogle = window.adsbygoogle || []).push({});\n\/\/ ]]><\/script>&#8211;<\/p>\n","protected":false},"excerpt":{"rendered":"<p>Pop\u0142ywa\u0142em. W ko\u0144cu!\u00a0\u00a0 :) Canoe ci u mnie na stanie, a pohula\u0107 po wodzie nie ma kiedy. Tak\u017ce kiedy tylko nadarzy\u0142a si\u0119 okazja w postaci czasu wolnego oraz ch\u0119ci kilku innych os\u00f3b &#8211; wybra\u0142em si\u0119 na wod\u0119. Tym razem pad\u0142o na Kr\u00f3low\u0105 &#8211; wraz z grupk\u0105 znajomych postanowilismy sp\u0142yn\u0105\u0107 warszawskim kawa\u0142kiem Wis\u0142y. Startowali\u015bmy w niedziel\u0119, [&hellip;]<\/p>\n","protected":false},"author":1,"featured_media":0,"comment_status":"open","ping_status":"open","sticky":false,"template":"","format":"standard","meta":{"footnotes":""},"categories":[53,11,52,54,51,50,2,55,25],"tags":[130,133,78,132,131,56,79,80],"class_list":["post-702","post","type-post","status-publish","format-standard","hentry","category-biwak","category-bushcraft","category-canoe","category-kajak","category-kanadyjka","category-kanu","category-ogolne","category-wypoczynek","category-zabawki-toys","tag-canoe","tag-kajak","tag-kajaki","tag-kanadyjka","tag-kanu","tag-splyw","tag-warszawa","tag-wisla"],"_links":{"self":[{"href":"https:\/\/www.adammarczak.com\/blog\/wp-json\/wp\/v2\/posts\/702","targetHints":{"allow":["GET"]}}],"collection":[{"href":"https:\/\/www.adammarczak.com\/blog\/wp-json\/wp\/v2\/posts"}],"about":[{"href":"https:\/\/www.adammarczak.com\/blog\/wp-json\/wp\/v2\/types\/post"}],"author":[{"embeddable":true,"href":"https:\/\/www.adammarczak.com\/blog\/wp-json\/wp\/v2\/users\/1"}],"replies":[{"embeddable":true,"href":"https:\/\/www.adammarczak.com\/blog\/wp-json\/wp\/v2\/comments?post=702"}],"version-history":[{"count":1,"href":"https:\/\/www.adammarczak.com\/blog\/wp-json\/wp\/v2\/posts\/702\/revisions"}],"predecessor-version":[{"id":750,"href":"https:\/\/www.adammarczak.com\/blog\/wp-json\/wp\/v2\/posts\/702\/revisions\/750"}],"wp:attachment":[{"href":"https:\/\/www.adammarczak.com\/blog\/wp-json\/wp\/v2\/media?parent=702"}],"wp:term":[{"taxonomy":"category","embeddable":true,"href":"https:\/\/www.adammarczak.com\/blog\/wp-json\/wp\/v2\/categories?post=702"},{"taxonomy":"post_tag","embeddable":true,"href":"https:\/\/www.adammarczak.com\/blog\/wp-json\/wp\/v2\/tags?post=702"}],"curies":[{"name":"wp","href":"https:\/\/api.w.org\/{rel}","templated":true}]}}